{"id":82942,"date":"2025-02-14T10:29:49","date_gmt":"2025-02-14T10:29:49","guid":{"rendered":"https:\/\/www.learntomove.se\/?p=82942"},"modified":"2025-02-14T10:29:51","modified_gmt":"2025-02-14T10:29:51","slug":"dcd-kurs-med-manga-bra-och-viktiga-diskussioner","status":"publish","type":"post","link":"https:\/\/www.learntomove.se\/sv\/dcd-kurs-med-manga-bra-och-viktiga-diskussioner\/","title":{"rendered":"DCD-kurs med m\u00e5nga bra och viktiga diskussioner"},"content":{"rendered":"\n<p>Den 10-11:e mars h\u00f6lls utbildningen om Developmental coordination disorder med deltagare fr\u00e5n stora delar av landet. Det blev b\u00e5de teoretiskt och praktiskt l\u00e4rande med fokus p\u00e5 hur vi kan hj\u00e4lpa barnen att utvecklas, bli f\u00f6rst\u00e5dda och f\u00e5 en fysisk sj\u00e4lvk\u00e4nsla. M\u00e5nga kloka fr\u00e5gor och diskussioner kring motorik och &#8221;hela barnet&#8221;. Att DCD h\u00f6r samman med psykisk oh\u00e4lsa, framf\u00f6r allt nedsatt fysisk sj\u00e4lvk\u00e4nsla, \u00e4r vanligt. Men idag har vi en stor grupp barn som &#8221;utvecklar&#8221; DCD och uppm\u00e4rksamhetsst\u00f6rning tidigt i livet &#8211; de \u00e4r passiva redan i nyf\u00f6ddhetsperioden och under f\u00f6rskole\u00e5ren. Det ser de som har arbetat l\u00e4nge i v\u00e5rd och skola, klassrummet \u00e4r annorlunda idag! H\u00e4r beh\u00f6vs stora omtag! En planering f\u00f6r bed\u00f6mning, behandling, uppf\u00f6ljning \u00f6ver tid. Nyt\u00e4nkande och fysio- och arbetsterapeuter i skolh\u00e4lsov\u00e5rd och idrottsl\u00e4rare som specialpedagoger \u00e4r en bra start p\u00e5 att m\u00f6ta nya behov.<\/p>\n","protected":false},"excerpt":{"rendered":"<p>Den 10-11:e mars h\u00f6lls utbildningen om Developmental coordination disorder med deltagare fr\u00e5n stora delar av landet. Det blev b\u00e5de teoretiskt och praktiskt l\u00e4rande med fokus p\u00e5 hur vi kan hj\u00e4lpa barnen att utvecklas, bli f\u00f6rst\u00e5dda och f\u00e5 en fysisk sj\u00e4lvk\u00e4nsla. M\u00e5nga kloka fr\u00e5gor och diskussioner kring motorik och &#8221;hela barnet&#8221;. Att DCD h\u00f6r samman med [&hellip;]<\/p>\n","protected":false},"author":11,"featured_media":79954,"comment_status":"open","ping_status":"open","sticky":false,"template":"","format":"standard","meta":{"_et_pb_use_builder":"off","_et_pb_old_content":"","_et_gb_content_width":"","_jetpack_memberships_contains_paid_content":false,"footnotes":""},"categories":[40,6],"tags":[105,104],"class_list":["post-82942","post","type-post","status-publish","format-standard","has-post-thumbnail","hentry","category-dcd","category-utbildning","tag-barn","tag-dcd"],"jetpack_featured_media_url":"https:\/\/www.learntomove.se\/wp-content\/uploads\/2023\/08\/DCD-sitta-i-skolan-768x613-1.png","jetpack_sharing_enabled":true,"_links":{"self":[{"href":"https:\/\/www.learntomove.se\/sv\/wp-json\/wp\/v2\/posts\/82942","targetHints":{"allow":["GET"]}}],"collection":[{"href":"https:\/\/www.learntomove.se\/sv\/wp-json\/wp\/v2\/posts"}],"about":[{"href":"https:\/\/www.learntomove.se\/sv\/wp-json\/wp\/v2\/types\/post"}],"author":[{"embeddable":true,"href":"https:\/\/www.learntomove.se\/sv\/wp-json\/wp\/v2\/users\/11"}],"replies":[{"embeddable":true,"href":"https:\/\/www.learntomove.se\/sv\/wp-json\/wp\/v2\/comments?post=82942"}],"version-history":[{"count":1,"href":"https:\/\/www.learntomove.se\/sv\/wp-json\/wp\/v2\/posts\/82942\/revisions"}],"predecessor-version":[{"id":82943,"href":"https:\/\/www.learntomove.se\/sv\/wp-json\/wp\/v2\/posts\/82942\/revisions\/82943"}],"wp:featuredmedia":[{"embeddable":true,"href":"https:\/\/www.learntomove.se\/sv\/wp-json\/wp\/v2\/media\/79954"}],"wp:attachment":[{"href":"https:\/\/www.learntomove.se\/sv\/wp-json\/wp\/v2\/media?parent=82942"}],"wp:term":[{"taxonomy":"category","embeddable":true,"href":"https:\/\/www.learntomove.se\/sv\/wp-json\/wp\/v2\/categories?post=82942"},{"taxonomy":"post_tag","embeddable":true,"href":"https:\/\/www.learntomove.se\/sv\/wp-json\/wp\/v2\/tags?post=82942"}],"curies":[{"name":"wp","href":"https:\/\/api.w.org\/{rel}","templated":true}]}}