{"id":79993,"date":"2019-06-26T17:08:00","date_gmt":"2019-06-26T17:08:00","guid":{"rendered":"https:\/\/www.learntomove.se\/?p=79993"},"modified":"2023-08-16T17:11:56","modified_gmt":"2023-08-16T17:11:56","slug":"sipu-konferens-om-lekplatser-och-utemiljoer-for-barn-med-speciella-utmaningar","status":"publish","type":"post","link":"https:\/\/www.learntomove.se\/sv\/sipu-konferens-om-lekplatser-och-utemiljoer-for-barn-med-speciella-utmaningar\/","title":{"rendered":"SIPU konferens om lekplatser och utemilj\u00f6er f\u00f6r barn med speciella utmaningar"},"content":{"rendered":"\n<p>En intressant kreativ milj\u00f6 kan i h\u00f6g grad p\u00e5verka b\u00e5de motorik inl\u00e4rning och kognitiv probleml\u00f6sning f\u00f6r barn med speciella utmaningar. Det \u00e4r med stor gl\u00e4dje Learn to Move kommer att f\u00f6rel\u00e4sa p\u00e5 SIPU-konferensen om lekplatser och barnmilj\u00f6er 16-17 oktober i Stockholm. Konferensen kommer att fokusera p\u00e5 m\u00e5nga aspekter av yttre milj\u00f6er: klimat, natur, lek, motorisk f\u00f6rm\u00e5ga, behov av utmaningar och mer.<\/p>\n\n\n\n<p>H\u00e4r \u00e4r l\u00e4nk till <a href=\"https:\/\/sipu.se\/courses\/1204-lekplatser-och-barns-utemiljo\" target=\"_blank\" rel=\"noreferrer noopener\">mer information<\/a>.<\/p>\n\n\n\n<div style=\"height:30px\" aria-hidden=\"true\" class=\"wp-block-spacer\"><\/div>\n\n\n\n<div class=\"wp-block-buttons is-layout-flex wp-block-buttons-is-layout-flex\">\n<div class=\"wp-block-button\"><a class=\"wp-block-button__link has-white-color has-text-color has-background wp-element-button\" href=\"https:\/\/sipuapp.s3.amazonaws.com\/uploads\/course\/pdf\/1204\/U3273-02-Lekplatser_och_barns_utemiljo_web.pdf\" style=\"background-color:#00b094\" target=\"_blank\" rel=\"noreferrer noopener\">L\u00e4s program h\u00e4r<\/a><\/div>\n<\/div>\n","protected":false},"excerpt":{"rendered":"<p>En intressant kreativ milj\u00f6 kan i h\u00f6g grad p\u00e5verka b\u00e5de motorik inl\u00e4rning och kognitiv probleml\u00f6sning f\u00f6r barn med speciella utmaningar. Det \u00e4r med stor gl\u00e4dje Learn to Move kommer att f\u00f6rel\u00e4sa p\u00e5 SIPU-konferensen om lekplatser och barnmilj\u00f6er 16-17 oktober i Stockholm. Konferensen kommer att fokusera p\u00e5 m\u00e5nga aspekter av yttre milj\u00f6er: klimat, natur, lek, motorisk [&hellip;]<\/p>\n","protected":false},"author":1,"featured_media":79995,"comment_status":"open","ping_status":"open","sticky":false,"template":"","format":"standard","meta":{"_et_pb_use_builder":"off","_et_pb_old_content":"","_et_gb_content_width":"","_jetpack_memberships_contains_paid_content":false,"footnotes":""},"categories":[42],"tags":[],"class_list":["post-79993","post","type-post","status-publish","format-standard","has-post-thumbnail","hentry","category-forelasning"],"jetpack_featured_media_url":"https:\/\/www.learntomove.se\/wp-content\/uploads\/2023\/08\/Sipuutemiljokonferens.png","jetpack_sharing_enabled":true,"_links":{"self":[{"href":"https:\/\/www.learntomove.se\/sv\/wp-json\/wp\/v2\/posts\/79993","targetHints":{"allow":["GET"]}}],"collection":[{"href":"https:\/\/www.learntomove.se\/sv\/wp-json\/wp\/v2\/posts"}],"about":[{"href":"https:\/\/www.learntomove.se\/sv\/wp-json\/wp\/v2\/types\/post"}],"author":[{"embeddable":true,"href":"https:\/\/www.learntomove.se\/sv\/wp-json\/wp\/v2\/users\/1"}],"replies":[{"embeddable":true,"href":"https:\/\/www.learntomove.se\/sv\/wp-json\/wp\/v2\/comments?post=79993"}],"version-history":[{"count":1,"href":"https:\/\/www.learntomove.se\/sv\/wp-json\/wp\/v2\/posts\/79993\/revisions"}],"predecessor-version":[{"id":79996,"href":"https:\/\/www.learntomove.se\/sv\/wp-json\/wp\/v2\/posts\/79993\/revisions\/79996"}],"wp:featuredmedia":[{"embeddable":true,"href":"https:\/\/www.learntomove.se\/sv\/wp-json\/wp\/v2\/media\/79995"}],"wp:attachment":[{"href":"https:\/\/www.learntomove.se\/sv\/wp-json\/wp\/v2\/media?parent=79993"}],"wp:term":[{"taxonomy":"category","embeddable":true,"href":"https:\/\/www.learntomove.se\/sv\/wp-json\/wp\/v2\/categories?post=79993"},{"taxonomy":"post_tag","embeddable":true,"href":"https:\/\/www.learntomove.se\/sv\/wp-json\/wp\/v2\/tags?post=79993"}],"curies":[{"name":"wp","href":"https:\/\/api.w.org\/{rel}","templated":true}]}}